{"id":3058,"date":"2022-11-18T10:30:18","date_gmt":"2022-11-18T15:30:18","guid":{"rendered":"https:\/\/www.imixxradio.com\/?p=3058"},"modified":"2022-11-19T12:32:41","modified_gmt":"2022-11-19T17:32:41","slug":"rencontre-avec-charlie-boudreau-directrice-generale-du-festival-imagenation","status":"publish","type":"post","link":"https:\/\/www.imixxradio.com\/fr\/2022\/11\/rencontre-avec-charlie-boudreau-directrice-generale-du-festival-imagenation\/","title":{"rendered":"Rencontre avec Charlie Boudreau, directrice g\u00e9n\u00e9rale du festival Image+Nation"},"content":{"rendered":"<p><strong>Le premier et le plus ancien festival de films LGBTQueer au Canada Image+Nation d\u00e9voile une programmation exceptionnelle en format hybride pour sa 35 \u1d49 \u00e9dition. Rencontre avec Charlie Boudreau, directrice g\u00e9n\u00e9ral de Image+Nation.<\/strong><\/p>\n<h3>En 35 \u00e9ditions, comment Image+Nation a su \u00e9voluer et comment toi personnellement, as-tu vu le festival \u00e9voluer\u2009?<\/h3>\n<p><img decoding=\"async\" loading=\"lazy\" class=\" wp-image-3096 alignleft\" src=\"https:\/\/www.imixxradio.com\/wp-content\/uploads\/2022\/11\/IMG_7320-e1606417811575-p90ykaoauaklne7y67zsrygokcanda0d0kgjpg6sni-300x178.jpg\" alt=\"\" width=\"425\" height=\"252\" srcset=\"https:\/\/www.imixxradio.com\/wp-content\/uploads\/2022\/11\/IMG_7320-e1606417811575-p90ykaoauaklne7y67zsrygokcanda0d0kgjpg6sni-300x178.jpg 300w, https:\/\/www.imixxradio.com\/wp-content\/uploads\/2022\/11\/IMG_7320-e1606417811575-p90ykaoauaklne7y67zsrygokcanda0d0kgjpg6sni-768x456.jpg 768w, https:\/\/www.imixxradio.com\/wp-content\/uploads\/2022\/11\/IMG_7320-e1606417811575-p90ykaoauaklne7y67zsrygokcanda0d0kgjpg6sni.jpg 800w\" sizes=\"(max-width: 425px) 100vw, 425px\" \/><\/p>\n<p>Tous les festivals queers sont n\u00e9s de la m\u00eame raison et Montr\u00e9al n\u2019est pas une exception. Les images qui existaient historiquement des personnes queers, on peut \u00eatre dire historiquement, au cin\u00e9ma, n\u2019\u00e9tait pas particuli\u00e8rement positive. Donc, \u00e0 un moment donn\u00e9, en conjonction avec le mouvement de lib\u00e9ration des femmes, des personnes noires, il y a eu le mouvement de lib\u00e9ration gai et lesbienne, et avec \u00e7a, on voulait raconter nos propres histoires. Donc les premi\u00e8res ann\u00e9es, c\u2019\u00e9tait des petites rencontres. Tout le monde \u00e9tait compl\u00e8tement \u00e9nerv\u00e9 de se voir \u00e0 l\u2019\u00e9cran. Souvent des films un peu homemade, comme on dit VHS. Mais au moins pour la premi\u00e8re fois, on se racontait. Comme on dit<em> fast forward<\/em>\u2026 35\u00a0ans plus tard, maintenant, on pr\u00e9sente au festival des films qui sont en nomination pour des Oscars qui ont \u00e9t\u00e9 prim\u00e9s \u00e0 Cannes, \u00e0 Berlin, \u00e0 Venise. On a des films de beaucoup de coins du monde, et de surtout des endroits qui sont vus \u2014 avec juste raison \u2014 comme n\u2019\u00e9tant pas tr\u00e8s avanc\u00e9s au niveau des droits humains. Et il y a des films \u00e0 th\u00e9matiques queers qui en sortent et qui ne sont pas du tout ce qu\u2019on peut imaginer. \u00c7a d\u00e9fait un peu les id\u00e9es pr\u00e9con\u00e7ues qu\u2019on a dans des pays, surtout de l\u2019Est. Donc c\u2019est un plaisir. \u00c7a a \u00e9t\u00e9 un merveilleux trajet parce que je suis l\u00e0 depuis presque le d\u00e9but. J\u2019\u00e9tais b\u00e9n\u00e9vole au d\u00e9but \u00e0 la programmation pour prendre la direction quelques ann\u00e9es plus tard et j\u2019ai vu l\u2019\u00e9volution, on a boug\u00e9 avec l\u2019\u00e9volution, on a fait avancer le festival en expansion pour arriver jusqu\u2019\u00e0 la pand\u00e9mie\u2026 et se revirer de bord comme tout le monde. On l\u2019a fait, on a fait une plateforme, mais ce n\u2019\u00e9tait pas original dans le temps. Ce qui est rendu original, c\u2019est qu\u2019on est les seuls \u00e0 la garder, parce que c\u2019est important. On a toujours voulu l\u2019accessibilit\u00e9 plus grande, \u00e0 ces films-l\u00e0, \u00e0 ces histoires et pendant tr\u00e8s longtemps, ce n\u2019\u00e9tait pas possible. Maintenant, \u00e7a l\u2019est. Mais il faut absolument garder une plateforme pour les gens qui ne peuvent pas, pour quelque raison que ce soit, venir en salle ou qui n\u2019habitent pas Montr\u00e9al, puissent voir ces histoires et les partager avec leurs amis, avec leurs familles, avec leurs coll\u00e8gues. Donc c\u2019est tout ce qui s\u2019est pass\u00e9 en 35\u00a0ans.<\/p>\n<h3>On voit de plus en plus de personnes qui se tournent sur les plateformes en ligne, en d\u00e9laissant le cin\u00e9ma et les salles. Possiblement parce que sur les plateformes en ligne pr\u00e9sentent de plus en plus une belle repr\u00e9sentation des communaut\u00e9s LGBTQ+. Pourquoi un festival de films LGBTQueer est encore important pour nous aujourd\u2019hui\u2009?<\/h3>\n<p>Mais, m\u00eame si heureusement les personnages queers sont de plus en plus pr\u00e9sents dans ce que j\u2019appellerais un narratif g\u00e9n\u00e9ral, les personnes queers font le m\u00eame type de film, \u00e0 l\u2019inverse aussi, font un narratif un peu g\u00e9n\u00e9ral pour inclure des personnages queers qui ont juste une vie et qui ont fait par exemple\u2026 Un cambriolage&#8230; Ou qui ont perdu leur job&#8230; Ou encore que ce n\u2019est pas une histoire de coming-out. Au final pour dire que ce n\u2019est pas une mis\u00e8re d\u2019\u00eatre queer. Ils sont queers dans une autre histoire. Donc l\u2019inverse se fait des deux bords, c&rsquo;est ce qui est positif. \u00c7a va vers l\u2019universalit\u00e9 et \u00e7a, c\u2019est \u00e7a l&rsquo;important.<\/p>\n<p>Mais il reste qu\u2019il y a beaucoup de films plus pointus, plus recherch\u00e9s, qui ne vont jamais \u00eatre sur Netflix et qui ne vont jamais \u00e0 la t\u00e9l\u00e9vision. Et c\u2019est la raison d\u2019un festival. Nous, c\u2019est un festival queer\u2026 il y a le Festival des films sur l\u2019art, Festival Black ou encore Massimadi. Notre sp\u00e9cialit\u00e9, c\u2019est notre focus. Donc on va chercher du d\u00e9tail, on va chercher des pays, on va chercher une grande repr\u00e9sentation de la diversit\u00e9. Donc pour moi, les festivals sp\u00e9cialis\u00e9s sont, comme on dit, des <em>rocks<\/em>. C\u2019est comme \u00e7a qu\u2019on va vraiment pouvoir conna\u00eetre des personnes sur lesquelles on va mettre le focus. Et si on fait partie de ce groupe-l\u00e0, c\u2019est vraiment de la repr\u00e9sentation de tout ce qu\u2019on est, parce qu\u2019on n\u2019est pas seulement un groupe et une communaut\u00e9. On est beaucoup de diff\u00e9rentes personnes et d\u2019identit\u00e9s \u00e0 l\u2019int\u00e9rieur de tout \u00e7a.<\/p>\n<blockquote><p>Mais il reste qu\u2019il y a beaucoup de films plus pointus, plus recherch\u00e9s, qui ne vont jamais \u00eatre sur Netflix et qui ne vont jamais \u00e0 la t\u00e9l\u00e9vision. Et c\u2019est la raison d\u2019un festival.<\/p><\/blockquote>\n<p>Une autre raison d\u2019avoir nos festivals : qu&rsquo;il est fait par nous, parce qu\u2019on fait partie de ces communaut\u00e9s-l\u00e0\u2026 Je remarque que c\u2019est un peu \u00e0 la mode depuis cinq-six ans (surtout au Qu\u00e9bec) d\u2019encourager la diversit\u00e9, dans les festivals g\u00e9n\u00e9ralistes. Et c\u2019est un probl\u00e8me, parce qu\u2019il y a eu beaucoup de festivals qui ont beaucoup des difficult\u00e9s pour avoir de l\u2019appui [financier]. Donc on appuie cette diversit\u00e9 dans les festivals g\u00e9n\u00e9ralistes, et on pense que toutes les voix sont repr\u00e9sent\u00e9es&#8230; Mais je reviens au point que je viens de faire. Il n\u2019y a rien [de mieux] comme une voix sp\u00e9cialis\u00e9e. M\u00eame si on est partout, qu&rsquo;on est de plus en plus \u00e0 la t\u00e9l\u00e9vision, qu&rsquo;on est de plus en plus dans le cin\u00e9ma, qu&rsquo;on est de plus en plus dans les festivals&#8230; cela sera toujours important d\u2019avoir un festival sp\u00e9cialis\u00e9, \u00e0 mon humble avis.<\/p>\n<p><iframe loading=\"lazy\" title=\"I+N35_Trailer_square\" width=\"1170\" height=\"658\" src=\"https:\/\/www.youtube.com\/embed\/IdT2Jupc7Ns?start=3&#038;feature=oembed\" frameborder=\"0\" allow=\"accelerometer; autoplay; clipboard-write; encrypted-media; gyroscope; picture-in-picture\" allowfullscreen><\/iframe><\/p>\n<h3>Le film d\u2019ouverture\u00a0<a href=\"https:\/\/www.image-nation.org\/programmation-2022\/rosie\/\" target=\"_blank\" rel=\"noopener\"><em>Rosie<\/em><\/a>, qui est projet\u00e9 \u00e0 19\u00a0h, le 18\u00a0novembre \u00e0 l\u2019Imp\u00e9rial, nous am\u00e8ne en marge du Montr\u00e9al des ann\u00e9es\u00a080 avec une histoire autochtone. C\u2019est le premier long m\u00e9trage de la sc\u00e9nariste, r\u00e9alisatrice et actrice Gail Maurice. Peux-tu nous en parler un peu\u2009?<\/h3>\n<p>Les gens ont peut-\u00eatre d\u00e9j\u00e0 assist\u00e9 \u00e0 <em>Rosie,<\/em> mais le film court, qu\u2019on a pr\u00e9sent\u00e9 dans le cadre de<a href=\"https:\/\/www.image-nation.org\/queerment-quebec\/\" target=\"_blank\" rel=\"noopener\"><em> Queerment Qu\u00e9bec<\/em><\/a> au Centre PHI. Et donc, c\u2019est le long m\u00e9trage du film court, qui raconte l\u2019histoire d\u2019une famille qui doit s\u2019inventer, face aux difficult\u00e9s que peuvent poser la vie et la soci\u00e9t\u00e9. Je ne veux pas trop en dire parce que j\u2019aime \u00e7a que les gens d\u00e9couvrent\u2026 parce que c\u2019est un excellent film. Mais ce qui est surtout bien cette soir\u00e9e-l\u00e0, c\u2019est c\u2019est la premi\u00e8re Qu\u00e9b\u00e9coise et Gail Maurice, M\u00e9lanie Bray qui est la productrice et la com\u00e9dienne principale, l\u2019actrice principale, ainsi tous les com\u00e9diens, tout le monde va \u00eatre l\u00e0. Et moi, ce qui me fait presque \u00e9vanouir\u2026 Alanis Obomsawin va \u00eatre pr\u00e9sente pour introduire le film avec Gail et M\u00e9lanie, et avoir une conversation sur le film. Donc pour nous, c\u2019est une tr\u00e8s grosse soir\u00e9e. C\u2019est vraiment un honneur incroyable d\u2019avoir cette femme si importante \u00e0 notre culture qui va \u00eatre pr\u00e9sente chez nous. Et \u00e7a va \u00eatre le fun. On va s\u2019amuser aussi. On prend toute la soir\u00e9e \u00e0 l\u2019Imp\u00e9rial, il y aura des <em>drinks<\/em>, on va s\u2019amuser\u2009! (rires)<\/p>\n<h3>Vous avez de nombreux films canadiens, mais on voyage beaucoup avec Image+Nation. Je vois que vous vous inscrivez \u00e9galement dans l\u2019actualit\u00e9 avec une r\u00e9trospective du cin\u00e9ma ukrainien LGBTQ pr\u00e9sent\u00e9 par le <a href=\"https:\/\/molodist.com\/\" target=\"_blank\" rel=\"noopener\">Molodist Kyiv International Film Festival<\/a>. Peux \u2014 tu nous dire quelques mots\u2009?<\/h3>\n<p>Ce qui est int\u00e9ressant, c\u2019est qu\u2019on a discut\u00e9 avec Bohdan Zhuk, qui est programmateur qui a cr\u00e9\u00e9 ce programme pour nous, c\u2019est en fait \u00e0 notre connaissance, la premi\u00e8re r\u00e9trospective de cin\u00e9ma queer ukrainienne au monde. \u00c7a n\u2019a jamais \u00e9t\u00e9 fait. Donc \u00e7a nous dresse un portrait d\u2019une culture vraiment tr\u00e8s compliqu\u00e9e, qui a \u00e9t\u00e9 sous les pieds de la Russie pendant tr\u00e8s longtemps. On voit un cin\u00e9ma int\u00e9ressant, complexe, subtil, \u00e9volu\u00e9 \u00e0 travers tout \u00e7a. Donc on a un film de 1964, <a href=\"https:\/\/www.image-nation.org\/programmation-2022\/shadows-of-forgotten-ancestors\/\" target=\"_blank\" rel=\"noopener\"><em>Shadows of Forgotten Ancestors<\/em><\/a>, un des ann\u00e9es 80, un autre dans les ann\u00e9es 90 <a href=\"https:\/\/www.image-nation.org\/programmation-2022\/ivin-a\/\" target=\"_blank\" rel=\"noopener\"><em>Ivin A.<\/em><\/a> et un film de l\u2019ann\u00e9e pass\u00e9e <a href=\"https:\/\/www.image-nation.org\/programmation-2022\/stop-zemilia\/\" target=\"_blank\" rel=\"noopener\"><em>Stop Zemilia.<\/em><\/a> Cela nous dresse un portrait de la pr\u00e9sence queer dans la culture ukrainienne depuis environ 60 ann\u00e9es. Bohdan Zhuk va \u00eatre sur place pour discuter, pr\u00e9senter le contexte, la culture, parler du film et laisser du temps pour une discussion avec le public. Moi j\u2019adore le cin\u00e9ma ukrainien, je n\u2019arrive jamais \u00e0 en avoir \u00e0 Montr\u00e9al. Dans notre autre qui jadis \u00e9tait multiculturelle (rires), impossible \u00e0 trouver. Donc c\u2019est l\u2019occasion de d\u00e9couvrir le cin\u00e9ma d\u2019un pays qui est rarement \u00e0 l\u2019\u00e9cran, ou pas du tout \u00e0 l\u2019\u00e9cran \u00e0 Montr\u00e9al. On a d\u00e9j\u00e0 eu des collaborations avec ce festival-l\u00e0, avec l\u2019Ukraine. On a pr\u00e9sent\u00e9 des films qu\u00e9b\u00e9cois l\u00e0-bas, mais on pr\u00e9sentera ici un gros focus, une grande r\u00e9trospective pour montrer notre appui \u00e0 nos amis et coll\u00e8gues qui sont sous les agressions de la Russie pr\u00e9sentement dans leur pays. Et nos pens\u00e9es sont l\u00e0 et on fait ce qu\u2019on peut \u00e0 Image+Nation pour les aider autant que possible \u00e0 faire entendre leur voix et aussi envoyer notre soutien. Par exemple, on veut faire un panel international avec le <a href=\"https:\/\/www.kisff.org\/\" target=\"_blank\" rel=\"noopener\">Kyiv international Short Film Festival<\/a> qui est en m\u00eame temps que nous. Comme ils n\u2019ont pas d\u2019\u00e9lectricit\u00e9 l\u00e0-bas, j\u2019ai dit OK, on va le faire ici. Donc j\u2019ai parl\u00e9 au Centre PHI pour le faire l\u00e0-bas. Donc ce qu\u2019on fait, c\u2019est un live streaming \u00e0 partir d\u2019ici, donc m\u00eame s\u2019ils sont l\u00e0-bas, l\u2019infrastructure est ici. On essaie de penser \u00e0 ce genre de fa\u00e7on de collaborer et d\u2019aider nos coll\u00e8gues qui ont un peu de difficult\u00e9 \u00e0 faire un festival, mais qui, m\u00eame en temps de guerre, sont en train de faire un festival\u2026 avec pas d\u2019\u00e9lectricit\u00e9. On leur dit : bravo\u2009! On en est l\u00e0 pour aider, quand on peut.<\/p>\n<p>Et \u00e9videmment l\u2019Iran, quand on a commenc\u00e9 \u00e0 programmer le festival intens\u00e9ment\u2026 Dans les derni\u00e8res \u00e9tapes, il y a eu des nouvelles de l\u2019Iran et on s\u2019est dit il faut absolument qu\u2019on fasse quelque chose pour justement montrer un appui et aussi faire conna\u00eetre ce cin\u00e9ma-l\u00e0 qu\u2019on ne voit jamais ici. Et on a toujours des soumissions de l\u2019Iran, mais elles sont parsem\u00e9es un peu partout dans la programmation. On en a fait un programme de cours, qui va \u00eatre disponible en ligne, donc d\u00e9couvrable par tout le monde.<\/p>\n<h3>Quelle est ta petite p\u00e9pite en coup de c\u0153ur pour le festival 2022 ?<\/h3>\n<p>Oh non, c\u2019est la pire question du monde\u2009! <em>(rires)<\/em>. Je les aime tous, c\u2019est tous mes petits chats\u2009! <em>(rires)<\/em>, mais \u00e7a d\u00e9pend tellement, tellement des go\u00fbts. Faut pas oublier qu\u2019un film un peu g\u00e9n\u00e9raliste, extr\u00eamement bien fait, \u00e7a vaut la peine d\u2019en parler. On n\u2019a pas pu malheureusement avoir la version sous-titr\u00e9e fran\u00e7aise, en anglais <a href=\"https:\/\/www.image-nation.org\/programmation-2022\/le-bleu-du-caftan\/\" target=\"_blank\" rel=\"noopener\"><em>The Blue Caftan<\/em><\/a> qui est un film marocain. C\u2019est aussi la soumission du Maroc aux Oscars cette ann\u00e9e. C\u2019est un film vraiment magistral, qui est beau, qui est touchant.<\/p>\n<blockquote class=\"twitter-tweet\" data-width=\"550\" data-dnt=\"true\">\n<p lang=\"en\" dir=\"ltr\">\ud83c\uddf2\ud83c\udde6 Morocco has selected &#39;The Blue Caftan&#39; to represent the country at the Oscars \u2013 a rare official nod to gay relationships.<\/p>\n<p>\ud83c\udf9e\ufe0f The film follows Halim who explores his homosexuality after developing feelings for a new employee at his family&#39;s caftan shop.<a href=\"https:\/\/t.co\/p0jrIuTRQy\">pic.twitter.com\/p0jrIuTRQy<\/a><\/p>\n<p>&mdash; Openly \ud83c\udff3\ufe0f\u200d\ud83c\udf08 (@Openly) <a href=\"https:\/\/twitter.com\/Openly\/status\/1575531097970003969?ref_src=twsrc%5Etfw\">September 29, 2022<\/a><\/p><\/blockquote>\n<p><script async src=\"https:\/\/platform.twitter.com\/widgets.js\" charset=\"utf-8\"><\/script><\/p>\n<p>Je ne peux jamais donner des scoops, mais c\u2019est vraiment un film qui r\u00e9vise un peu la famille, la notion d\u2019amour et comment on partage. C\u2019est toujours mieux d\u2019aller visiter <a href=\"https:\/\/www.image-nation.org\/\" target=\"_blank\" rel=\"noopener\">le site web<\/a> et voir ce qui vous tente. Parce qu\u2019on a le meilleur de tous les genres, mais ce n\u2019est pas tous les genres qui plaisent \u00e0 tout le monde. Il y a <a href=\"https:\/\/www.image-nation.org\/queerment-quebec\/\" target=\"_blank\" rel=\"noopener\"><em>Queerment Qu\u00e9bec<\/em><\/a> qui est une s\u00e9lection des courts m\u00e9trages qu\u00e9b\u00e9cois qu\u2019on a choisi, qui est au Centre PHI depuis 10 ans, mais la s\u00e9lection a 22 ans. C\u2019est une soir\u00e9e avec les cin\u00e9astes, o\u00f9 on pr\u00e9sente les films, et o\u00f9 on passe du temps \u00e0 discuter avec le public. C\u2019est super convivial, et c\u2019est une belle fa\u00e7on de d\u00e9couvrir les productions d\u2019ici. On pr\u00e9pare des focus dans le festival, \u00ab\u2009voix \u00e9mergentes\u2009\u00bb par exemple. C\u2019est les premiers films de pays, dont on entend souvent peut parler et qui ont souvent des droits humains un peu complexes. Il y a le \u00ab\u2009focus autochtone\u2009\u00bb, il y a le \u00ab\u2009focus Media Canada\u2009\u00bb pour les films canadiens, il y en a d\u2019autres\u2026 Il y a quelque chose qu\u2019il ne faut pas oublier aussi, c\u2019est qu\u2019on pr\u00e9sente des documentaires vraiment, vraiment importants et pertinents chez nous, parce qu\u2019il ne faut pas oublier notre histoire. Et cette ann\u00e9e, on n\u2019a pas rat\u00e9 notre coup. Je vous laisse d\u00e9couvrir la section \u00ab\u2009les avant-gardistes\u2009\u00bb pour aller voir qui on va pr\u00e9senter cette ann\u00e9e et quelle histoire on pourra d\u00e9couvrir \u00e0 Image+Nation.<\/p>\n","protected":false},"excerpt":{"rendered":"<p>Le premier et le plus ancien festival de films LGBTQueer au Canada Image+Nation d\u00e9voile une programmation exceptionnelle en format hybride pour sa 35 \u1d49 \u00e9dition. Rencontre avec Charlie Boudreau, directrice g\u00e9n\u00e9ral de Image+Nation. En 35 \u00e9ditions, comment Image+Nation a su \u00e9voluer et comment toi personnellement, as-tu vu le festival \u00e9voluer\u2009? Tous les festivals queers sont [&hellip;]<\/p>\n","protected":false},"author":2,"featured_media":3105,"comment_status":"open","ping_status":"open","sticky":false,"template":"","format":"standard","meta":{"_expiration-date-status":"","_expiration-date":0,"_expiration-date-type":"","_expiration-date-categories":[],"_expiration-date-options":[]},"categories":[111],"tags":[97,127,128,126],"acf":[],"yoast_head":"<!-- This site is optimized with the Yoast SEO Premium plugin v15.7 - https:\/\/yoast.com\/wordpress\/plugins\/seo\/ -->\n<title>Rencontre avec Charlie Boudreau, directrice g\u00e9n\u00e9rale du festival Image+Nation &mdash; Imixx Radio \u2192 Lib\u00e9rateur de rythmes !<\/title>\n<meta name=\"robots\" content=\"index, follow, max-snippet:-1, max-image-preview:large, max-video-preview:-1\" \/>\n<link rel=\"canonical\" href=\"https:\/\/www.imixxradio.com\/fr\/2022\/11\/rencontre-avec-charlie-boudreau-directrice-generale-du-festival-imagenation\/\" \/>\n<meta property=\"og:locale\" content=\"fr_FR\" \/>\n<meta property=\"og:type\" content=\"article\" \/>\n<meta property=\"og:title\" content=\"Rencontre avec Charlie Boudreau, directrice g\u00e9n\u00e9rale du festival Image+Nation &mdash; Imixx Radio \u2192 Lib\u00e9rateur de rythmes !\" \/>\n<meta property=\"og:description\" content=\"Le premier et le plus ancien festival de films LGBTQueer au Canada Image+Nation d\u00e9voile une programmation exceptionnelle en format hybride pour sa 35 \u1d49 \u00e9dition. Rencontre avec Charlie Boudreau, directrice g\u00e9n\u00e9ral de Image+Nation. En 35 \u00e9ditions, comment Image+Nation a su \u00e9voluer et comment toi personnellement, as-tu vu le festival \u00e9voluer\u2009? Tous les festivals queers sont [&hellip;]\" \/>\n<meta property=\"og:url\" content=\"https:\/\/www.imixxradio.com\/fr\/2022\/11\/rencontre-avec-charlie-boudreau-directrice-generale-du-festival-imagenation\/\" \/>\n<meta property=\"og:site_name\" content=\"Imixx Radio \u2192 Lib\u00e9rateur de rythmes !\" \/>\n<meta property=\"article:publisher\" content=\"https:\/\/facebook.com\/imixxradio\" \/>\n<meta property=\"article:published_time\" content=\"2022-11-18T15:30:18+00:00\" \/>\n<meta property=\"article:modified_time\" content=\"2022-11-19T17:32:41+00:00\" \/>\n<meta property=\"og:image\" content=\"https:\/\/www.imixxradio.com\/wp-content\/uploads\/2022\/11\/f9f522b2145ab86a031bc6faf924c811.resize_rosie.png\" \/>\n\t<meta property=\"og:image:width\" content=\"1536\" \/>\n\t<meta property=\"og:image:height\" content=\"1144\" \/>\n<meta name=\"twitter:card\" content=\"summary_large_image\" \/>\n<meta name=\"twitter:creator\" content=\"@imixxradio\" \/>\n<meta name=\"twitter:site\" content=\"@imixxradio\" \/>\n<meta name=\"twitter:label1\" content=\"Dur\u00e9e de lecture estim\u00e9e\">\n\t<meta name=\"twitter:data1\" content=\"12 minutes\">\n<script type=\"application\/ld+json\" class=\"yoast-schema-graph\">{\"@context\":\"https:\/\/schema.org\",\"@graph\":[{\"@type\":\"Organization\",\"@id\":\"https:\/\/www.imixxradio.com\/#organization\",\"name\":\"Imixx Radio\",\"url\":\"https:\/\/www.imixxradio.com\/\",\"sameAs\":[\"https:\/\/facebook.com\/imixxradio\",\"https:\/\/instagram.com\/imixxradio\",\"https:\/\/linkedin.com\/company\/imixxradio\",\"https:\/\/fr.wikipedia.org\/wiki\/Imixx_Radio\",\"https:\/\/twitter.com\/imixxradio\"],\"logo\":{\"@type\":\"ImageObject\",\"@id\":\"https:\/\/www.imixxradio.com\/#logo\",\"inLanguage\":\"fr-FR\",\"url\":\"https:\/\/www.imixxradio.com\/wp-content\/uploads\/2020\/05\/logo_imixx_radio_2020-noir.png\",\"width\":2209,\"height\":847,\"caption\":\"Imixx Radio\"},\"image\":{\"@id\":\"https:\/\/www.imixxradio.com\/#logo\"}},{\"@type\":\"WebSite\",\"@id\":\"https:\/\/www.imixxradio.com\/#website\",\"url\":\"https:\/\/www.imixxradio.com\/\",\"name\":\"Imixx Radio \\u2192 Lib\\u00e9rateur de rythmes !\",\"description\":\"Tune 1670AM \\u2014 Since 2007, Montreal&#039;s Electro Pop Rock station. Best DJ, Best Music ! Robin Schulz, Kaiserdisco, Eelke Klein, Cristian Varela...\",\"publisher\":{\"@id\":\"https:\/\/www.imixxradio.com\/#organization\"},\"potentialAction\":[{\"@type\":\"SearchAction\",\"target\":\"https:\/\/www.imixxradio.com\/?s={search_term_string}\",\"query-input\":\"required name=search_term_string\"}],\"inLanguage\":\"fr-FR\"},{\"@type\":\"ImageObject\",\"@id\":\"https:\/\/www.imixxradio.com\/fr\/2022\/11\/rencontre-avec-charlie-boudreau-directrice-generale-du-festival-imagenation\/#primaryimage\",\"inLanguage\":\"fr-FR\",\"url\":\"https:\/\/www.imixxradio.com\/wp-content\/uploads\/2022\/11\/f9f522b2145ab86a031bc6faf924c811.resize_rosie.png\",\"width\":1536,\"height\":1144},{\"@type\":\"WebPage\",\"@id\":\"https:\/\/www.imixxradio.com\/fr\/2022\/11\/rencontre-avec-charlie-boudreau-directrice-generale-du-festival-imagenation\/#webpage\",\"url\":\"https:\/\/www.imixxradio.com\/fr\/2022\/11\/rencontre-avec-charlie-boudreau-directrice-generale-du-festival-imagenation\/\",\"name\":\"Rencontre avec Charlie Boudreau, directrice g\\u00e9n\\u00e9rale du festival Image+Nation &mdash; Imixx Radio \\u2192 Lib\\u00e9rateur de rythmes !\",\"isPartOf\":{\"@id\":\"https:\/\/www.imixxradio.com\/#website\"},\"primaryImageOfPage\":{\"@id\":\"https:\/\/www.imixxradio.com\/fr\/2022\/11\/rencontre-avec-charlie-boudreau-directrice-generale-du-festival-imagenation\/#primaryimage\"},\"datePublished\":\"2022-11-18T15:30:18+00:00\",\"dateModified\":\"2022-11-19T17:32:41+00:00\",\"inLanguage\":\"fr-FR\",\"potentialAction\":[{\"@type\":\"ReadAction\",\"target\":[\"https:\/\/www.imixxradio.com\/fr\/2022\/11\/rencontre-avec-charlie-boudreau-directrice-generale-du-festival-imagenation\/\"]}]},{\"@type\":\"Article\",\"@id\":\"https:\/\/www.imixxradio.com\/fr\/2022\/11\/rencontre-avec-charlie-boudreau-directrice-generale-du-festival-imagenation\/#article\",\"isPartOf\":{\"@id\":\"https:\/\/www.imixxradio.com\/fr\/2022\/11\/rencontre-avec-charlie-boudreau-directrice-generale-du-festival-imagenation\/#webpage\"},\"author\":{\"@id\":\"https:\/\/www.imixxradio.com\/#\/schema\/person\/8dcbc9f8ff5d9045fe00ee1bcdfe4468\"},\"headline\":\"Rencontre avec Charlie Boudreau, directrice g\\u00e9n\\u00e9rale du festival Image+Nation\",\"datePublished\":\"2022-11-18T15:30:18+00:00\",\"dateModified\":\"2022-11-19T17:32:41+00:00\",\"mainEntityOfPage\":{\"@id\":\"https:\/\/www.imixxradio.com\/fr\/2022\/11\/rencontre-avec-charlie-boudreau-directrice-generale-du-festival-imagenation\/#webpage\"},\"commentCount\":0,\"publisher\":{\"@id\":\"https:\/\/www.imixxradio.com\/#organization\"},\"image\":{\"@id\":\"https:\/\/www.imixxradio.com\/fr\/2022\/11\/rencontre-avec-charlie-boudreau-directrice-generale-du-festival-imagenation\/#primaryimage\"},\"keywords\":\"festival,films,lgbt,queer\",\"articleSection\":\"Sorties\",\"inLanguage\":\"fr-FR\",\"potentialAction\":[{\"@type\":\"CommentAction\",\"name\":\"Comment\",\"target\":[\"https:\/\/www.imixxradio.com\/fr\/2022\/11\/rencontre-avec-charlie-boudreau-directrice-generale-du-festival-imagenation\/#respond\"]}]},{\"@type\":\"Person\",\"@id\":\"https:\/\/www.imixxradio.com\/#\/schema\/person\/8dcbc9f8ff5d9045fe00ee1bcdfe4468\",\"name\":\"Anthony Pay\\u00e1\",\"image\":{\"@type\":\"ImageObject\",\"@id\":\"https:\/\/www.imixxradio.com\/#personlogo\",\"inLanguage\":\"fr-FR\",\"url\":\"https:\/\/www.imixxradio.com\/wp-content\/uploads\/2022\/11\/cropped-Fraichement-Jeudi-18-scaled-1-96x96.jpg\",\"caption\":\"Anthony Pay\\u00e1\"}}]}<\/script>\n<!-- \/ Yoast SEO Premium plugin. -->","_links":{"self":[{"href":"https:\/\/www.imixxradio.com\/fr\/wp-json\/wp\/v2\/posts\/3058"}],"collection":[{"href":"https:\/\/www.imixxradio.com\/fr\/wp-json\/wp\/v2\/posts"}],"about":[{"href":"https:\/\/www.imixxradio.com\/fr\/wp-json\/wp\/v2\/types\/post"}],"author":[{"embeddable":true,"href":"https:\/\/www.imixxradio.com\/fr\/wp-json\/wp\/v2\/users\/2"}],"replies":[{"embeddable":true,"href":"https:\/\/www.imixxradio.com\/fr\/wp-json\/wp\/v2\/comments?post=3058"}],"version-history":[{"count":25,"href":"https:\/\/www.imixxradio.com\/fr\/wp-json\/wp\/v2\/posts\/3058\/revisions"}],"predecessor-version":[{"id":3124,"href":"https:\/\/www.imixxradio.com\/fr\/wp-json\/wp\/v2\/posts\/3058\/revisions\/3124"}],"wp:featuredmedia":[{"embeddable":true,"href":"https:\/\/www.imixxradio.com\/fr\/wp-json\/wp\/v2\/media\/3105"}],"wp:attachment":[{"href":"https:\/\/www.imixxradio.com\/fr\/wp-json\/wp\/v2\/media?parent=3058"}],"wp:term":[{"taxonomy":"category","embeddable":true,"href":"https:\/\/www.imixxradio.com\/fr\/wp-json\/wp\/v2\/categories?post=3058"},{"taxonomy":"post_tag","embeddable":true,"href":"https:\/\/www.imixxradio.com\/fr\/wp-json\/wp\/v2\/tags?post=3058"}],"curies":[{"name":"wp","href":"https:\/\/api.w.org\/{rel}","templated":true}]}}