{"id":3277,"date":"2023-05-04T07:30:00","date_gmt":"2023-05-04T11:30:00","guid":{"rendered":"https:\/\/www.imixxradio.com\/2023\/05\/star-wars-return-of-the-jedi-in-concert\/"},"modified":"2023-05-13T11:51:41","modified_gmt":"2023-05-13T15:51:41","slug":"star-wars-return-of-the-jedi-in-concert","status":"publish","type":"post","link":"https:\/\/www.imixxradio.com\/fr\/2023\/05\/star-wars-return-of-the-jedi-in-concert\/","title":{"rendered":"Star Wars : Le Retour du Jedi en cin\u00e9-concert"},"content":{"rendered":"<!--[if lt IE 9]><script>document.createElement('audio');<\/script><![endif]-->\n<audio class=\"wp-audio-shortcode\" id=\"audio-3277-1\" preload=\"none\" style=\"width: 100%;\" controls=\"controls\"><source type=\"audio\/mpeg\" src=\"https:\/\/www.imixxradio.com\/wp-content\/uploads\/2023\/05\/imixx_star_wars_place_des_arts.mp3?_=1\" \/><a href=\"https:\/\/www.imixxradio.com\/wp-content\/uploads\/2023\/05\/imixx_star_wars_place_des_arts.mp3\">https:\/\/www.imixxradio.com\/wp-content\/uploads\/2023\/05\/imixx_star_wars_place_des_arts.mp3<\/a><\/audio>\n<p>&nbsp;<\/p>\n<p><strong>L&rsquo;Orchestre FILMharmonique arrive \u00e0 son dernier voyage intergalactique avec une repr\u00e9sentation en cin\u00e9-concert de\u00a0<\/strong><em><strong>Star Wars\u00a0: Le Retour du Jedi.<\/strong>\u00a0<\/em>Les dangers sont grands pour l&rsquo;Alliance rebelle qui tente de d\u00e9truire l&rsquo;\u00c9toile de la Mort, tandis que notre h\u00e9ros Luke Skywalker se retrouve face \u00e0 Dark Vador et \u00e0 l&rsquo;Empereur.<\/p>\n<p>La partition embl\u00e9matique du compositeur oscaris\u00e9 John Williams sera interpr\u00e9t\u00e9e en direct par 78 musiciens de l&rsquo;Orchestre FILMharmonique sous la direction d&rsquo;Erik Ochsner, tandis que le film de 1983, acclam\u00e9 par la critique, sera projet\u00e9 sur grand \u00e9cran!<\/p>\n<p class=\"p1\"><em>\u00ab\u2009Il s\u2019agit du troisi\u00e8me et dernier chapitre d\u2019un incroyable voyage avec le FILMharmonic Orchestra. Depuis 2019, nous avons donn\u00e9 vie \u00e0 la l\u00e9gendaire saga Star Wars et \u00e0 ses incroyables partitions de mani\u00e8re inoubliable\u2009\u00bb<\/em>, d\u00e9clare Ochsner, qui est consid\u00e9r\u00e9 par le public et les critiques comme l\u2019un des principaux chefs d\u2019orchestre de films avec orchestre en direct en raison de son \u00e9nergie, de son souci du d\u00e9tail et de la pr\u00e9cision de sa synchronisation.<\/p>\n<p><a href=\"https:\/\/placedesarts.com\/en\/event\/star-wars-vi-return-jedi\">19 et 20 mai \u00e0 la<\/a><a href=\"https:\/\/placedesarts.com\/fr\/evenement\/star-wars-vi-return-jedi\"> Salle Wilfied-Pelletier<\/a><\/p>\n","protected":false},"excerpt":{"rendered":"<p>&nbsp; L&rsquo;Orchestre FILMharmonique arrive \u00e0 son dernier voyage intergalactique avec une repr\u00e9sentation en cin\u00e9-concert de\u00a0Star Wars\u00a0: Le Retour du Jedi.\u00a0Les dangers sont grands pour l&rsquo;Alliance rebelle qui tente de d\u00e9truire l&rsquo;\u00c9toile de la Mort, tandis que notre h\u00e9ros Luke Skywalker se retrouve face \u00e0 Dark Vador et \u00e0 l&rsquo;Empereur. La partition embl\u00e9matique du compositeur oscaris\u00e9 [&hellip;]<\/p>\n","protected":false},"author":1,"featured_media":3274,"comment_status":"open","ping_status":"open","sticky":false,"template":"","format":"standard","meta":{"_expiration-date-status":"","_expiration-date":0,"_expiration-date-type":"","_expiration-date-categories":[],"_expiration-date-options":[]},"categories":[111],"tags":[],"acf":[],"yoast_head":"<!-- This site is optimized with the Yoast SEO Premium plugin v15.7 - https:\/\/yoast.com\/wordpress\/plugins\/seo\/ -->\n<title>Star Wars : Le Retour du Jedi en cin\u00e9-concert &mdash; Imixx Radio \u2192 Lib\u00e9rateur de rythmes !<\/title>\n<meta name=\"robots\" content=\"index, follow, max-snippet:-1, max-image-preview:large, max-video-preview:-1\" \/>\n<link rel=\"canonical\" href=\"https:\/\/www.imixxradio.com\/fr\/2023\/05\/star-wars-return-of-the-jedi-in-concert\/\" \/>\n<meta property=\"og:locale\" content=\"fr_FR\" \/>\n<meta property=\"og:type\" content=\"article\" \/>\n<meta property=\"og:title\" content=\"Star Wars : Le Retour du Jedi en cin\u00e9-concert &mdash; Imixx Radio \u2192 Lib\u00e9rateur de rythmes !\" \/>\n<meta property=\"og:description\" content=\"&nbsp; L&rsquo;Orchestre FILMharmonique arrive \u00e0 son dernier voyage intergalactique avec une repr\u00e9sentation en cin\u00e9-concert de\u00a0Star Wars\u00a0: Le Retour du Jedi.\u00a0Les dangers sont grands pour l&rsquo;Alliance rebelle qui tente de d\u00e9truire l&rsquo;\u00c9toile de la Mort, tandis que notre h\u00e9ros Luke Skywalker se retrouve face \u00e0 Dark Vador et \u00e0 l&rsquo;Empereur. La partition embl\u00e9matique du compositeur oscaris\u00e9 [&hellip;]\" \/>\n<meta property=\"og:url\" content=\"https:\/\/www.imixxradio.com\/fr\/2023\/05\/star-wars-return-of-the-jedi-in-concert\/\" \/>\n<meta property=\"og:site_name\" content=\"Imixx Radio \u2192 Lib\u00e9rateur de rythmes !\" \/>\n<meta property=\"article:publisher\" content=\"https:\/\/facebook.com\/imixxradio\" \/>\n<meta property=\"article:published_time\" content=\"2023-05-04T11:30:00+00:00\" \/>\n<meta property=\"article:modified_time\" content=\"2023-05-13T15:51:41+00:00\" \/>\n<meta property=\"og:image\" content=\"https:\/\/www.imixxradio.com\/wp-content\/uploads\/2023\/05\/imixx_star_wars_place_des_arts-scaled.jpeg\" \/>\n\t<meta property=\"og:image:width\" content=\"2560\" \/>\n\t<meta property=\"og:image:height\" content=\"1440\" \/>\n<meta name=\"twitter:card\" content=\"summary_large_image\" \/>\n<meta name=\"twitter:creator\" content=\"@imixxradio\" \/>\n<meta name=\"twitter:site\" content=\"@imixxradio\" \/>\n<meta name=\"twitter:label1\" content=\"Dur\u00e9e de lecture estim\u00e9e\">\n\t<meta name=\"twitter:data1\" content=\"1 minute\">\n<script type=\"application\/ld+json\" class=\"yoast-schema-graph\">{\"@context\":\"https:\/\/schema.org\",\"@graph\":[{\"@type\":\"Organization\",\"@id\":\"https:\/\/www.imixxradio.com\/#organization\",\"name\":\"Imixx Radio\",\"url\":\"https:\/\/www.imixxradio.com\/\",\"sameAs\":[\"https:\/\/facebook.com\/imixxradio\",\"https:\/\/instagram.com\/imixxradio\",\"https:\/\/linkedin.com\/company\/imixxradio\",\"https:\/\/fr.wikipedia.org\/wiki\/Imixx_Radio\",\"https:\/\/twitter.com\/imixxradio\"],\"logo\":{\"@type\":\"ImageObject\",\"@id\":\"https:\/\/www.imixxradio.com\/#logo\",\"inLanguage\":\"fr-FR\",\"url\":\"https:\/\/www.imixxradio.com\/wp-content\/uploads\/2020\/05\/logo_imixx_radio_2020-noir.png\",\"width\":2209,\"height\":847,\"caption\":\"Imixx Radio\"},\"image\":{\"@id\":\"https:\/\/www.imixxradio.com\/#logo\"}},{\"@type\":\"WebSite\",\"@id\":\"https:\/\/www.imixxradio.com\/#website\",\"url\":\"https:\/\/www.imixxradio.com\/\",\"name\":\"Imixx Radio \\u2192 Lib\\u00e9rateur de rythmes !\",\"description\":\"Tune 1670AM \\u2014 Since 2007, Montreal&#039;s Electro Pop Rock station. Best DJ, Best Music ! Robin Schulz, Kaiserdisco, Eelke Klein, Cristian Varela...\",\"publisher\":{\"@id\":\"https:\/\/www.imixxradio.com\/#organization\"},\"potentialAction\":[{\"@type\":\"SearchAction\",\"target\":\"https:\/\/www.imixxradio.com\/?s={search_term_string}\",\"query-input\":\"required name=search_term_string\"}],\"inLanguage\":\"fr-FR\"},{\"@type\":\"ImageObject\",\"@id\":\"https:\/\/www.imixxradio.com\/fr\/2023\/05\/star-wars-return-of-the-jedi-in-concert\/#primaryimage\",\"inLanguage\":\"fr-FR\",\"url\":\"https:\/\/www.imixxradio.com\/wp-content\/uploads\/2023\/05\/imixx_star_wars_place_des_arts-scaled.jpeg\",\"width\":2560,\"height\":1440},{\"@type\":\"WebPage\",\"@id\":\"https:\/\/www.imixxradio.com\/fr\/2023\/05\/star-wars-return-of-the-jedi-in-concert\/#webpage\",\"url\":\"https:\/\/www.imixxradio.com\/fr\/2023\/05\/star-wars-return-of-the-jedi-in-concert\/\",\"name\":\"Star Wars : Le Retour du Jedi en cin\\u00e9-concert &mdash; Imixx Radio \\u2192 Lib\\u00e9rateur de rythmes !\",\"isPartOf\":{\"@id\":\"https:\/\/www.imixxradio.com\/#website\"},\"primaryImageOfPage\":{\"@id\":\"https:\/\/www.imixxradio.com\/fr\/2023\/05\/star-wars-return-of-the-jedi-in-concert\/#primaryimage\"},\"datePublished\":\"2023-05-04T11:30:00+00:00\",\"dateModified\":\"2023-05-13T15:51:41+00:00\",\"inLanguage\":\"fr-FR\",\"potentialAction\":[{\"@type\":\"ReadAction\",\"target\":[\"https:\/\/www.imixxradio.com\/fr\/2023\/05\/star-wars-return-of-the-jedi-in-concert\/\"]}]},{\"@type\":\"Article\",\"@id\":\"https:\/\/www.imixxradio.com\/fr\/2023\/05\/star-wars-return-of-the-jedi-in-concert\/#article\",\"isPartOf\":{\"@id\":\"https:\/\/www.imixxradio.com\/fr\/2023\/05\/star-wars-return-of-the-jedi-in-concert\/#webpage\"},\"author\":{\"@id\":\"https:\/\/www.imixxradio.com\/#\/schema\/person\/68db78f97997c85ce297a0df2a139bf1\"},\"headline\":\"Star Wars : Le Retour du Jedi en cin\\u00e9-concert\",\"datePublished\":\"2023-05-04T11:30:00+00:00\",\"dateModified\":\"2023-05-13T15:51:41+00:00\",\"mainEntityOfPage\":{\"@id\":\"https:\/\/www.imixxradio.com\/fr\/2023\/05\/star-wars-return-of-the-jedi-in-concert\/#webpage\"},\"commentCount\":0,\"publisher\":{\"@id\":\"https:\/\/www.imixxradio.com\/#organization\"},\"image\":{\"@id\":\"https:\/\/www.imixxradio.com\/fr\/2023\/05\/star-wars-return-of-the-jedi-in-concert\/#primaryimage\"},\"articleSection\":\"Sorties\",\"inLanguage\":\"fr-FR\",\"potentialAction\":[{\"@type\":\"CommentAction\",\"name\":\"Comment\",\"target\":[\"https:\/\/www.imixxradio.com\/fr\/2023\/05\/star-wars-return-of-the-jedi-in-concert\/#respond\"]}]},{\"@type\":\"Person\",\"@id\":\"https:\/\/www.imixxradio.com\/#\/schema\/person\/68db78f97997c85ce297a0df2a139bf1\",\"name\":\"Imixx Radio\",\"image\":{\"@type\":\"ImageObject\",\"@id\":\"https:\/\/www.imixxradio.com\/#personlogo\",\"inLanguage\":\"fr-FR\",\"url\":\"https:\/\/secure.gravatar.com\/avatar\/343b84ca76742edb70947095a573f5b4?s=96&d=mm&r=g\",\"caption\":\"Imixx Radio\"},\"sameAs\":[\"https:\/\/www.imixxradio.com\"]}]}<\/script>\n<!-- \/ Yoast SEO Premium plugin. -->","_links":{"self":[{"href":"https:\/\/www.imixxradio.com\/fr\/wp-json\/wp\/v2\/posts\/3277"}],"collection":[{"href":"https:\/\/www.imixxradio.com\/fr\/wp-json\/wp\/v2\/posts"}],"about":[{"href":"https:\/\/www.imixxradio.com\/fr\/wp-json\/wp\/v2\/types\/post"}],"author":[{"embeddable":true,"href":"https:\/\/www.imixxradio.com\/fr\/wp-json\/wp\/v2\/users\/1"}],"replies":[{"embeddable":true,"href":"https:\/\/www.imixxradio.com\/fr\/wp-json\/wp\/v2\/comments?post=3277"}],"version-history":[{"count":5,"href":"https:\/\/www.imixxradio.com\/fr\/wp-json\/wp\/v2\/posts\/3277\/revisions"}],"predecessor-version":[{"id":3287,"href":"https:\/\/www.imixxradio.com\/fr\/wp-json\/wp\/v2\/posts\/3277\/revisions\/3287"}],"wp:featuredmedia":[{"embeddable":true,"href":"https:\/\/www.imixxradio.com\/fr\/wp-json\/wp\/v2\/media\/3274"}],"wp:attachment":[{"href":"https:\/\/www.imixxradio.com\/fr\/wp-json\/wp\/v2\/media?parent=3277"}],"wp:term":[{"taxonomy":"category","embeddable":true,"href":"https:\/\/www.imixxradio.com\/fr\/wp-json\/wp\/v2\/categories?post=3277"},{"taxonomy":"post_tag","embeddable":true,"href":"https:\/\/www.imixxradio.com\/fr\/wp-json\/wp\/v2\/tags?post=3277"}],"curies":[{"name":"wp","href":"https:\/\/api.w.org\/{rel}","templated":true}]}}